{"id":1569,"date":"2024-10-08T12:40:21","date_gmt":"2024-10-08T12:40:21","guid":{"rendered":"https:\/\/www.vs-gilgenberg.at\/?p=1569"},"modified":"2025-03-05T13:58:28","modified_gmt":"2025-03-05T13:58:28","slug":"herbstwandertag","status":"publish","type":"post","link":"http:\/\/www.vs-gilgenberg.at\/?p=1569","title":{"rendered":"Herbstwandertag"},"content":{"rendered":"\n<p>Der Herbstwandertag f\u00fchrte die 1. und 2. Klasse zum Hof unseres Herrn B\u00fcrgermeister. Dort durften sich die Kinder austoben und sich mit zahlreichen Tieren anfreunden! Au\u00dferdem bekamen sie zur St\u00e4rkung eine Tasse Milch oder Kakao! Herzlichen Dank an die Familie Huber!<\/p>\n\n\n\n<figure class=\"wp-container-2 wp-block-gallery-1 wp-block-gallery has-nested-images columns-default is-cropped\">\n<figure class=\"wp-block-image size-large\"><img loading=\"lazy\" width=\"768\" height=\"1024\" data-id=\"1578\"  src=\"https:\/\/www.vs-gilgenberg.at\/wp-content\/uploads\/2024\/10\/IMG_7661-768x1024.jpg\" alt=\"\" class=\"wp-image-1578\" srcset=\"http:\/\/www.vs-gilgenberg.at\/wp-content\/uploads\/2024\/10\/IMG_7661-768x1024.jpg 768w, http:\/\/www.vs-gilgenberg.at\/wp-content\/uploads\/2024\/10\/IMG_7661-225x300.jpg 225w, http:\/\/www.vs-gilgenberg.at\/wp-content\/uploads\/2024\/10\/IMG_7661-1152x1536.jpg 1152w, http:\/\/www.vs-gilgenberg.at\/wp-content\/uploads\/2024\/10\/IMG_7661.jpg 1512w\" sizes=\"(max-width: 768px) 100vw, 768px\" \/><\/figure>\n\n\n\n<figure class=\"wp-block-image size-large\"><img loading=\"lazy\" width=\"768\" height=\"1024\" data-id=\"1580\"  src=\"https:\/\/www.vs-gilgenberg.at\/wp-content\/uploads\/2024\/10\/IMG_7665-768x1024.jpg\" alt=\"\" class=\"wp-image-1580\" srcset=\"http:\/\/www.vs-gilgenberg.at\/wp-content\/uploads\/2024\/10\/IMG_7665-768x1024.jpg 768w, http:\/\/www.vs-gilgenberg.at\/wp-content\/uploads\/2024\/10\/IMG_7665-225x300.jpg 225w, http:\/\/www.vs-gilgenberg.at\/wp-content\/uploads\/2024\/10\/IMG_7665-1152x1536.jpg 1152w, http:\/\/www.vs-gilgenberg.at\/wp-content\/uploads\/2024\/10\/IMG_7665.jpg 1512w\" sizes=\"(max-width: 768px) 100vw, 768px\" \/><\/figure>\n<\/figure>\n\n\n\n<figure class=\"wp-container-4 wp-block-gallery-3 wp-block-gallery has-nested-images columns-default is-cropped\">\n<figure class=\"wp-block-image size-full\"><img loading=\"lazy\" width=\"1920\" height=\"1440\" data-id=\"1570\"  src=\"https:\/\/www.vs-gilgenberg.at\/wp-content\/uploads\/2024\/10\/Kopie.jpg\" alt=\"\" class=\"wp-image-1570\" srcset=\"http:\/\/www.vs-gilgenberg.at\/wp-content\/uploads\/2024\/10\/Kopie.jpg 1920w, http:\/\/www.vs-gilgenberg.at\/wp-content\/uploads\/2024\/10\/Kopie-300x225.jpg 300w, http:\/\/www.vs-gilgenberg.at\/wp-content\/uploads\/2024\/10\/Kopie-1024x768.jpg 1024w, http:\/\/www.vs-gilgenberg.at\/wp-content\/uploads\/2024\/10\/Kopie-768x576.jpg 768w, http:\/\/www.vs-gilgenberg.at\/wp-content\/uploads\/2024\/10\/Kopie-1536x1152.jpg 1536w\" sizes=\"(max-width: 1920px) 100vw, 1920px\" \/><\/figure>\n\n\n\n<figure class=\"wp-block-image size-full\"><img loading=\"lazy\" width=\"1354\" height=\"1319\" data-id=\"1571\"  src=\"https:\/\/www.vs-gilgenberg.at\/wp-content\/uploads\/2024\/10\/thumbnail_IMG_1225.jpg\" alt=\"\" class=\"wp-image-1571\" srcset=\"http:\/\/www.vs-gilgenberg.at\/wp-content\/uploads\/2024\/10\/thumbnail_IMG_1225.jpg 1354w, http:\/\/www.vs-gilgenberg.at\/wp-content\/uploads\/2024\/10\/thumbnail_IMG_1225-300x292.jpg 300w, http:\/\/www.vs-gilgenberg.at\/wp-content\/uploads\/2024\/10\/thumbnail_IMG_1225-1024x998.jpg 1024w, http:\/\/www.vs-gilgenberg.at\/wp-content\/uploads\/2024\/10\/thumbnail_IMG_1225-768x748.jpg 768w\" sizes=\"(max-width: 1354px) 100vw, 1354px\" \/><\/figure>\n<\/figure>\n\n\n\n<figure class=\"wp-block-image size-large\"><img loading=\"lazy\" width=\"1024\" height=\"768\" src=\"https:\/\/www.vs-gilgenberg.at\/wp-content\/uploads\/2024\/10\/Kopie_1229-2-1024x768.jpg\" alt=\"\" class=\"wp-image-1584\" srcset=\"http:\/\/www.vs-gilgenberg.at\/wp-content\/uploads\/2024\/10\/Kopie_1229-2-1024x768.jpg 1024w, http:\/\/www.vs-gilgenberg.at\/wp-content\/uploads\/2024\/10\/Kopie_1229-2-300x225.jpg 300w, http:\/\/www.vs-gilgenberg.at\/wp-content\/uploads\/2024\/10\/Kopie_1229-2-768x576.jpg 768w, http:\/\/www.vs-gilgenberg.at\/wp-content\/uploads\/2024\/10\/Kopie_1229-2-1536x1152.jpg 1536w, http:\/\/www.vs-gilgenberg.at\/wp-content\/uploads\/2024\/10\/Kopie_1229-2.jpg 1920w\" sizes=\"(max-width: 1024px) 100vw, 1024px\" \/><\/figure>\n\n\n\n<figure class=\"wp-block-image size-large\"><img loading=\"lazy\" width=\"1024\" height=\"714\" src=\"https:\/\/www.vs-gilgenberg.at\/wp-content\/uploads\/2024\/10\/thumbnail_IMG_1222-2-1024x714.jpg\" alt=\"\" class=\"wp-image-1585\" srcset=\"http:\/\/www.vs-gilgenberg.at\/wp-content\/uploads\/2024\/10\/thumbnail_IMG_1222-2-1024x714.jpg 1024w, http:\/\/www.vs-gilgenberg.at\/wp-content\/uploads\/2024\/10\/thumbnail_IMG_1222-2-300x209.jpg 300w, http:\/\/www.vs-gilgenberg.at\/wp-content\/uploads\/2024\/10\/thumbnail_IMG_1222-2-768x536.jpg 768w, http:\/\/www.vs-gilgenberg.at\/wp-content\/uploads\/2024\/10\/thumbnail_IMG_1222-2-1536x1072.jpg 1536w, http:\/\/www.vs-gilgenberg.at\/wp-content\/uploads\/2024\/10\/thumbnail_IMG_1222-2.jpg 1856w\" sizes=\"(max-width: 1024px) 100vw, 1024px\" \/><\/figure>\n\n\n\n<figure class=\"wp-block-image size-large\"><img loading=\"lazy\" width=\"1024\" height=\"768\" src=\"https:\/\/www.vs-gilgenberg.at\/wp-content\/uploads\/2024\/10\/IMG_7658-1-1024x768.jpg\" alt=\"\" class=\"wp-image-1589\" srcset=\"http:\/\/www.vs-gilgenberg.at\/wp-content\/uploads\/2024\/10\/IMG_7658-1-1024x768.jpg 1024w, http:\/\/www.vs-gilgenberg.at\/wp-content\/uploads\/2024\/10\/IMG_7658-1-300x225.jpg 300w, http:\/\/www.vs-gilgenberg.at\/wp-content\/uploads\/2024\/10\/IMG_7658-1-768x576.jpg 768w, http:\/\/www.vs-gilgenberg.at\/wp-content\/uploads\/2024\/10\/IMG_7658-1-1536x1152.jpg 1536w, http:\/\/www.vs-gilgenberg.at\/wp-content\/uploads\/2024\/10\/IMG_7658-1.jpg 2016w\" sizes=\"(max-width: 1024px) 100vw, 1024px\" \/><\/figure>\n\n\n\n<p><\/p>\n","protected":false},"excerpt":{"rendered":"<p>Der Herbstwandertag f\u00fchrte die 1. und 2. Klasse zum Hof unseres Herrn B\u00fcrgermeister. Dort durften sich die Kinder austoben und sich mit zahlreichen Tieren anfreunden! Au\u00dferdem bekamen sie zur St\u00e4rkung eine Tasse Milch oder Kakao! Herzlichen Dank an die Familie &hellip; <\/p>\n","protected":false},"author":5,"featured_media":0,"comment_status":"closed","ping_status":"closed","sticky":false,"template":"","format":"standard","meta":[],"categories":[1],"tags":[],"_links":{"self":[{"href":"http:\/\/www.vs-gilgenberg.at\/index.php?rest_route=\/wp\/v2\/posts\/1569"}],"collection":[{"href":"http:\/\/www.vs-gilgenberg.at\/index.php?rest_route=\/wp\/v2\/posts"}],"about":[{"href":"http:\/\/www.vs-gilgenberg.at\/index.php?rest_route=\/wp\/v2\/types\/post"}],"author":[{"embeddable":true,"href":"http:\/\/www.vs-gilgenberg.at\/index.php?rest_route=\/wp\/v2\/users\/5"}],"replies":[{"embeddable":true,"href":"http:\/\/www.vs-gilgenberg.at\/index.php?rest_route=%2Fwp%2Fv2%2Fcomments&post=1569"}],"version-history":[{"count":4,"href":"http:\/\/www.vs-gilgenberg.at\/index.php?rest_route=\/wp\/v2\/posts\/1569\/revisions"}],"predecessor-version":[{"id":1592,"href":"http:\/\/www.vs-gilgenberg.at\/index.php?rest_route=\/wp\/v2\/posts\/1569\/revisions\/1592"}],"wp:attachment":[{"href":"http:\/\/www.vs-gilgenberg.at\/index.php?rest_route=%2Fwp%2Fv2%2Fmedia&parent=1569"}],"wp:term":[{"taxonomy":"category","embeddable":true,"href":"http:\/\/www.vs-gilgenberg.at\/index.php?rest_route=%2Fwp%2Fv2%2Fcategories&post=1569"},{"taxonomy":"post_tag","embeddable":true,"href":"http:\/\/www.vs-gilgenberg.at\/index.php?rest_route=%2Fwp%2Fv2%2Ftags&post=1569"}],"curies":[{"name":"wp","href":"https:\/\/api.w.org\/{rel}","templated":true}]}}